{"id":3561,"date":"2026-03-14T20:33:00","date_gmt":"2026-03-14T22:33:00","guid":{"rendered":"https:\/\/acsinaintemodelu.ro\/?p=3561"},"modified":"2026-03-15T08:44:26","modified_gmt":"2026-03-15T10:44:26","slug":"bogdan-matei-eu-si-baietii-impreuna-cu-domnul-profesor-virgil-nitoi-ne-dorim-sa-facem-o-figura-frumoasa-in-play-off","status":"publish","type":"post","link":"https:\/\/acsinaintemodelu.ro\/index.php\/2026\/03\/14\/bogdan-matei-eu-si-baietii-impreuna-cu-domnul-profesor-virgil-nitoi-ne-dorim-sa-facem-o-figura-frumoasa-in-play-off\/","title":{"rendered":"Bogdan Matei: eu \u0219i b\u00e3ietii, impreun\u00e3 cu domnul profesor Virgil Nitoi, ne dorim s\u0103 facem o figur\u0103 frumoas\u0103 in play-off"},"content":{"rendered":"\n<p><strong><a href=\"https:\/\/www.facebook.com\/bogdan2389?__cft__[0]=AZYaU1jGfnXC_0eVBhuVvkdBsGBPpEs2vkLoSNwJ6Qxl9iIUVDoemlkaxMdXaZmwUs1u0wCfeSW_C4ZJx7kEVZ1jRsT5rq8YeYduZeNd6ZATXyEW5LdAqwJx3SzjntZhiu0WAtrlw3eQgPT71H5A2WZya-17Q8y0CzJ_DyyCCnwA65lpAXI5798F7EEtoz91gS0&amp;__tn__=-]K-R\">Bogdan Matei<\/a> antrenor secund <a href=\"https:\/\/www.facebook.com\/profile.php?id=100044507622746&amp;__cft__[0]=AZYaU1jGfnXC_0eVBhuVvkdBsGBPpEs2vkLoSNwJ6Qxl9iIUVDoemlkaxMdXaZmwUs1u0wCfeSW_C4ZJx7kEVZ1jRsT5rq8YeYduZeNd6ZATXyEW5LdAqwJx3SzjntZhiu0WAtrlw3eQgPT71H5A2WZya-17Q8y0CzJ_DyyCCnwA65lpAXI5798F7EEtoz91gS0&amp;__tn__=-]K-R\">ACS \u00cenainte Modelu<\/a> :<\/strong><\/p>\n\n\n\n<p><strong>&#8221; Sunt un pic dezam\u0103git de rezultatul de la Agigea, dar nu de jocul b\u0103ie\u021bilor no\u0219tri, pentru c\u00e3 am jucat pe un teren execrabil, nu am crezut c\u0103 se mai pot omologa asemenea terenuri.<\/strong><\/p>\n\n\n\n<p><strong>Suntem, \u00eempreun\u0103 cu profesorul <a href=\"https:\/\/www.facebook.com\/virgil.nitoi.3?__cft__[0]=AZYaU1jGfnXC_0eVBhuVvkdBsGBPpEs2vkLoSNwJ6Qxl9iIUVDoemlkaxMdXaZmwUs1u0wCfeSW_C4ZJx7kEVZ1jRsT5rq8YeYduZeNd6ZATXyEW5LdAqwJx3SzjntZhiu0WAtrlw3eQgPT71H5A2WZya-17Q8y0CzJ_DyyCCnwA65lpAXI5798F7EEtoz91gS0&amp;__tn__=-]K-R\">Virgil Nitoi<\/a> dezam\u00e3giti c\u0103 am avut trei cartona\u0219e ro\u0219ii dup\u00e3 minutul 90, nu am \u00een\u021beles ce a vrut s\u0103 demonstreze domnul arbitru, nu aveam nevoie de aceste suspend\u0103ri, mai ales c\u0103 suntem matematic in play-off.<\/strong><\/p>\n\n\n\n<p><strong>Felicit\u0103ri b\u0103ie\u021bilor, echipei pentru acest lucru, \u00eentregului staff \u0219i conducerii clubului, care a fost mereu al\u0103turi de noi \u0219i ne-a sprijinit, datorit\u0103 lor suntem \u00een play-off.<\/strong><\/p>\n\n\n\n<p><strong>Le mul\u021bumim pe aceast\u0103 cale \u0219i sper s\u0103 fie al\u0103turi de noi \u00een continuare chiar dac\u0103 am pierdut la Agigea.<\/strong><\/p>\n\n\n\n<p><strong>Este munca de aproape doi ani a noastr\u00e3 sub comanda lui nea Piti, \u0219i suntem acolo \u00een play-off unde ne-am dorit.<\/strong><\/p>\n\n\n\n<p><strong>Felicit\u0103ri \u0219i echipei <a href=\"https:\/\/www.facebook.com\/agricolaborcea?__cft__[0]=AZYaU1jGfnXC_0eVBhuVvkdBsGBPpEs2vkLoSNwJ6Qxl9iIUVDoemlkaxMdXaZmwUs1u0wCfeSW_C4ZJx7kEVZ1jRsT5rq8YeYduZeNd6ZATXyEW5LdAqwJx3SzjntZhiu0WAtrlw3eQgPT71H5A2WZya-17Q8y0CzJ_DyyCCnwA65lpAXI5798F7EEtoz91gS0&amp;__tn__=-]K-R\">FC Agricola Borcea<\/a> , pentru c\u00e3 \u0219i ei sunt \u00een play-off.<\/strong><\/p>\n\n\n\n<p><strong>Speram s\u0103 fie \u0219i <a href=\"https:\/\/www.facebook.com\/afcdunarea?__cft__[0]=AZYaU1jGfnXC_0eVBhuVvkdBsGBPpEs2vkLoSNwJ6Qxl9iIUVDoemlkaxMdXaZmwUs1u0wCfeSW_C4ZJx7kEVZ1jRsT5rq8YeYduZeNd6ZATXyEW5LdAqwJx3SzjntZhiu0WAtrlw3eQgPT71H5A2WZya-17Q8y0CzJ_DyyCCnwA65lpAXI5798F7EEtoz91gS0&amp;__tn__=-]K-R\">AFC Dun\u0103rea C\u0103l\u0103ra\u0219i<\/a> , s\u0103 fim trei echipe din acela\u0219i jude\u021b \u00een playoff, dar se pare c\u00e3 vecinii nostri, la cinci puncte distant\u00e3 de locul patru si-au minimizat sansele dup\u00e3 un 0-3 sec la Borcea.<\/strong><\/p>\n\n\n\n<p><strong>Acum mai avem dou\u0103 etape, cu <a href=\"https:\/\/www.facebook.com\/officialfcvoluntari?__cft__[0]=AZYaU1jGfnXC_0eVBhuVvkdBsGBPpEs2vkLoSNwJ6Qxl9iIUVDoemlkaxMdXaZmwUs1u0wCfeSW_C4ZJx7kEVZ1jRsT5rq8YeYduZeNd6ZATXyEW5LdAqwJx3SzjntZhiu0WAtrlw3eQgPT71H5A2WZya-17Q8y0CzJ_DyyCCnwA65lpAXI5798F7EEtoz91gS0&amp;__tn__=-]K-R\">FC Voluntari<\/a> \u0219i <a href=\"https:\/\/www.facebook.com\/DojaFC?__cft__[0]=AZYaU1jGfnXC_0eVBhuVvkdBsGBPpEs2vkLoSNwJ6Qxl9iIUVDoemlkaxMdXaZmwUs1u0wCfeSW_C4ZJx7kEVZ1jRsT5rq8YeYduZeNd6ZATXyEW5LdAqwJx3SzjntZhiu0WAtrlw3eQgPT71H5A2WZya-17Q8y0CzJ_DyyCCnwA65lpAXI5798F7EEtoz91gS0&amp;__tn__=-]K-R\">ACS Recolta Gheorghe Doja<\/a> , sper s\u0103 facem jocuri foarte bune, \u00eemi doresc s\u0103 fim calmi, nu mai avem nevoie de suspend\u0103ri, s\u0103 avem to\u021bi juc\u0103torii ap\u021bi pentru play-off, unde eu \u0219i b\u00e3ietii, impreun\u00e3 cu domnul profesor Virgil Nitoi, ne dorim s\u0103 facem o figur\u0103 frumoas\u0103.<\/strong><\/p>\n\n\n\n<p><strong>Nu \u0219tiu dac\u0103 putem s\u0103 ne batem noi la promovare, dar cum am jucat sezonul acesta, un sezon fantastic, putem s\u0103 \u00eencurc\u0103m pe oricine \u00een play-off unde int\u00e2lnim echipe puternice din D\u00e2mbovita, Ilfov, Brasov ori Prahova.<\/strong><\/p>\n\n\n\n<p><strong>Echipa este preg\u0103tit\u0103 s\u0103 mai fac\u0103 ceva surprize anul acesta, s\u0103 vedem \u0219i cu ce puncte intr\u0103m \u00een play-off \u00een compara\u021bie cu echipele din Seria a 4-a, \u0219ti\u021bi c\u0103 se iau punctele doar cu primele patru locuri.<\/strong><\/p>\n\n\n\n<p><strong>Se detaseaz\u00e3 clar <a href=\"https:\/\/www.facebook.com\/CSMFlacaraMoreni?__cft__[0]=AZYaU1jGfnXC_0eVBhuVvkdBsGBPpEs2vkLoSNwJ6Qxl9iIUVDoemlkaxMdXaZmwUs1u0wCfeSW_C4ZJx7kEVZ1jRsT5rq8YeYduZeNd6ZATXyEW5LdAqwJx3SzjntZhiu0WAtrlw3eQgPT71H5A2WZya-17Q8y0CzJ_DyyCCnwA65lpAXI5798F7EEtoz91gS0&amp;__tn__=-]K-R\">Flacara Moreni<\/a> care are 49 puncte si golaveraj 51-17, iar <a href=\"https:\/\/www.facebook.com\/CSLStefanesti?__cft__[0]=AZYaU1jGfnXC_0eVBhuVvkdBsGBPpEs2vkLoSNwJ6Qxl9iIUVDoemlkaxMdXaZmwUs1u0wCfeSW_C4ZJx7kEVZ1jRsT5rq8YeYduZeNd6ZATXyEW5LdAqwJx3SzjntZhiu0WAtrlw3eQgPT71H5A2WZya-17Q8y0CzJ_DyyCCnwA65lpAXI5798F7EEtoz91gS0&amp;__tn__=-]K-R\">Club Sportiv Stef\u0103ne\u0219ti<\/a> si <a href=\"https:\/\/www.facebook.com\/OlimpicZarnesti?__cft__[0]=AZYaU1jGfnXC_0eVBhuVvkdBsGBPpEs2vkLoSNwJ6Qxl9iIUVDoemlkaxMdXaZmwUs1u0wCfeSW_C4ZJx7kEVZ1jRsT5rq8YeYduZeNd6ZATXyEW5LdAqwJx3SzjntZhiu0WAtrlw3eQgPT71H5A2WZya-17Q8y0CzJ_DyyCCnwA65lpAXI5798F7EEtoz91gS0&amp;__tn__=-]K-R\">ASC Olimpic Zarnesti<\/a> sunt si ele calificate in play-off. Ultima echip\u00e3 calificat\u00e3 din Seria a 4-a se alege dintre Teleajen, Titu, Breaza, B\u00e3icoi si Mogosoaia, fiind doar trei puncte intre ele.<\/strong><\/p>\n\n\n\n<p><strong>Aceste dou\u0103 jocuri cu Voluntari \u0219i Gheorghe Doja ne dorim s\u0103 le c\u00e2\u0219tig\u0103m, s\u0103 fim c\u00e2\u0219tig\u0103toarea Seriei a 3-a!<\/strong><\/p>\n\n\n\n<p><strong>Sper ca cei trei juc\u0103tori cu cartona\u0219e s\u0103 nu aib\u0103 etape multe de suspendare.<\/strong><\/p>\n\n\n\n<p><strong>Hai, Modelu!<\/strong><\/p>\n\n\n\n<p><strong>Felicit\u0103ri tuturor pentru calificarea \u00een play-off ! &#8222;<\/strong><\/p>\n\n\n\n<p><strong>Au evoluat >>><\/strong><\/p>\n\n\n\n<p><strong>Alexandru Petreac\u0103 (min 34 Madalin Gut\u00e3) &#8211; Mahmoud Abdulghani, Cristian Stoian, Costas Sersescu, Iunus Abdulfatai (min 70 Ahmed Bala), C\u00e3t\u00e3lin M\u00e3gureanu, Mario Mateiu, Adrian Geolea (min 64 Laurentiu T\u00e3n\u00e3sescu), Daniel Gheorghe (c\u00e3pitan), Charles McCharty, Cristian Chirit\u00e3<\/strong><\/p>\n\n\n\n<p><strong>Rezerve >>><\/strong><\/p>\n\n\n\n<p><strong>Dragos Grigore, Luca Burlacu, Sebastian R\u00e3ileanu, Kazeem Fatai, Bogdan Matei, Matei Burlacu<\/strong><\/p>\n\n\n\n<p><strong>Accidentat >>><\/strong><\/p>\n\n\n\n<p><strong>Florentin Tiber<\/strong><\/p>\n\n\n\n<p><strong>Antrenor principal: Virgil Nitoi<\/strong><\/p>\n\n\n\n<p><strong>Antrenor secund: Bogdan Matei<\/strong><\/p>\n\n\n\n<p><strong>Director sportiv: Petre P\u00e3puric\u00e3<\/strong><\/p>\n\n\n\n<p><strong>Cartonase rosii: C\u00e3talin M\u00e3gureanu min 90, Laurentiu T\u00e3n\u00e3sescu min 92, Adrian Geolea min 92 (fiind pe banc\u00e3)<\/strong><\/p>\n\n\n<div class=\"wp-block-image\">\n<figure class=\"aligncenter size-large\"><img loading=\"lazy\" decoding=\"async\" width=\"683\" height=\"1024\" src=\"https:\/\/acsinaintemodelu.ro\/wp-content\/uploads\/2026\/03\/651187844_1607739084052997_6433455972888260016_n-683x1024.jpg\" alt=\"\" class=\"wp-image-3562\" srcset=\"https:\/\/acsinaintemodelu.ro\/wp-content\/uploads\/2026\/03\/651187844_1607739084052997_6433455972888260016_n-683x1024.jpg 683w, https:\/\/acsinaintemodelu.ro\/wp-content\/uploads\/2026\/03\/651187844_1607739084052997_6433455972888260016_n-200x300.jpg 200w, https:\/\/acsinaintemodelu.ro\/wp-content\/uploads\/2026\/03\/651187844_1607739084052997_6433455972888260016_n-768x1152.jpg 768w, https:\/\/acsinaintemodelu.ro\/wp-content\/uploads\/2026\/03\/651187844_1607739084052997_6433455972888260016_n-85x128.jpg 85w, https:\/\/acsinaintemodelu.ro\/wp-content\/uploads\/2026\/03\/651187844_1607739084052997_6433455972888260016_n-21x32.jpg 21w, https:\/\/acsinaintemodelu.ro\/wp-content\/uploads\/2026\/03\/651187844_1607739084052997_6433455972888260016_n-600x900.jpg 600w, https:\/\/acsinaintemodelu.ro\/wp-content\/uploads\/2026\/03\/651187844_1607739084052997_6433455972888260016_n.jpg 1024w\" sizes=\"auto, (max-width: 683px) 100vw, 683px\" \/><\/figure>\n<\/div>\n\n\n<p><strong>Dou\u00e3 meciuri mai avem p\u00e2n\u00e3 la play-off >>><\/strong><\/p>\n\n\n\n<p><strong>Runda 21<\/strong><\/p>\n\n\n\n<p><strong>Vineri 20 Martie, ora 15:00<\/strong><\/p>\n\n\n\n<p><strong>Stadionul &#8222;Gheorghe Dinc\u00e3&#8221; din Voluntari<\/strong><\/p>\n\n\n\n<p><strong><a href=\"https:\/\/www.facebook.com\/officialfcvoluntari?__cft__[0]=AZbg3MwD7wtaGMrwLcsBIvJxYcwAbJywpcqO17Gs_uaD6GKEFYQeo9M1ZzBMBB-FcNgMtMAXlMV5FqJU7HDRagCqU7cktF4Yk0f0xTlFNH0Bi3SeJJSSsTMAISE8KiN1JYutEX5bLq9uN71MYPTtF2fv&amp;__tn__=-]K-R\">FC Voluntari<\/a> 2 Ilfov &#8211; Inainte Modelu<\/strong><\/p>\n\n\n\n<p><strong>Runda 22<\/strong><\/p>\n\n\n\n<p><strong>Vineri, 27 Martie, ora 15:00<\/strong><\/p>\n\n\n\n<p><strong>Stadionul &#8221; Vasile Enache&#8221; din Modelu<\/strong><\/p>\n\n\n\n<p><strong>Inainte Modelu &#8211; <a href=\"https:\/\/www.facebook.com\/DojaFC?__cft__[0]=AZbg3MwD7wtaGMrwLcsBIvJxYcwAbJywpcqO17Gs_uaD6GKEFYQeo9M1ZzBMBB-FcNgMtMAXlMV5FqJU7HDRagCqU7cktF4Yk0f0xTlFNH0Bi3SeJJSSsTMAISE8KiN1JYutEX5bLq9uN71MYPTtF2fv&amp;__tn__=-]K-R\">ACS Recolta Gheorghe Doja<\/a><\/strong><\/p>\n\n\n\n<p><\/p>\n","protected":false},"excerpt":{"rendered":"<p>Bogdan Matei antrenor secund ACS \u00cenainte Modelu : &#8221; Sunt un pic dezam\u0103git de rezultatul de la Agigea, dar nu de jocul b\u0103ie\u021bilor no\u0219tri, pentru c\u00e3 am jucat pe un teren execrabil, nu am crezut c\u0103 se mai pot omologa asemenea terenuri. Suntem, \u00eempreun\u0103 cu profesorul Virgil Nitoi dezam\u00e3giti c\u0103 am avut trei cartona\u0219e ro\u0219ii [&hellip;]<\/p>\n","protected":false},"author":1,"featured_media":3563,"comment_status":"open","ping_status":"open","sticky":false,"template":"","format":"standard","meta":{"_jetpack_memberships_contains_paid_content":false,"footnotes":""},"categories":[1],"tags":[],"class_list":["post-3561","post","type-post","status-publish","format-standard","has-post-thumbnail","hentry","category-fara-categorie"],"jetpack_featured_media_url":"https:\/\/acsinaintemodelu.ro\/wp-content\/uploads\/2026\/03\/646385140_1600339158126323_6178172707546264059_n.jpg","jetpack_sharing_enabled":true,"_links":{"self":[{"href":"https:\/\/acsinaintemodelu.ro\/index.php\/wp-json\/wp\/v2\/posts\/3561","targetHints":{"allow":["GET"]}}],"collection":[{"href":"https:\/\/acsinaintemodelu.ro\/index.php\/wp-json\/wp\/v2\/posts"}],"about":[{"href":"https:\/\/acsinaintemodelu.ro\/index.php\/wp-json\/wp\/v2\/types\/post"}],"author":[{"embeddable":true,"href":"https:\/\/acsinaintemodelu.ro\/index.php\/wp-json\/wp\/v2\/users\/1"}],"replies":[{"embeddable":true,"href":"https:\/\/acsinaintemodelu.ro\/index.php\/wp-json\/wp\/v2\/comments?post=3561"}],"version-history":[{"count":2,"href":"https:\/\/acsinaintemodelu.ro\/index.php\/wp-json\/wp\/v2\/posts\/3561\/revisions"}],"predecessor-version":[{"id":3565,"href":"https:\/\/acsinaintemodelu.ro\/index.php\/wp-json\/wp\/v2\/posts\/3561\/revisions\/3565"}],"wp:featuredmedia":[{"embeddable":true,"href":"https:\/\/acsinaintemodelu.ro\/index.php\/wp-json\/wp\/v2\/media\/3563"}],"wp:attachment":[{"href":"https:\/\/acsinaintemodelu.ro\/index.php\/wp-json\/wp\/v2\/media?parent=3561"}],"wp:term":[{"taxonomy":"category","embeddable":true,"href":"https:\/\/acsinaintemodelu.ro\/index.php\/wp-json\/wp\/v2\/categories?post=3561"},{"taxonomy":"post_tag","embeddable":true,"href":"https:\/\/acsinaintemodelu.ro\/index.php\/wp-json\/wp\/v2\/tags?post=3561"}],"curies":[{"name":"wp","href":"https:\/\/api.w.org\/{rel}","templated":true}]}}